{"id":709,"count":0,"description":"<h1><strong>Tragbare Fahrradtaschen<\/strong><\/h1>\r\nWenn du an Fahrradtaschen denkst, kommen dir wahrscheinlich Taschen in den Sinn, die auf dem Gep\u00e4cktr\u00e4ger hinten am Fahrrad befestigt sind. Das ist die klassische Fahrradtasche, f\u00fcr die Clarijs seit 1948 bekannt ist. Doch der Begriff \"Fahrradtaschen\" ist weiter gefasst. Es gibt auch tragbare Fahrradtaschen, wie die <a href=\"https:\/\/clarijs-fietstassen.nl\/de\/tragbare-packtaschen\/\"><strong>Frontbag Lenkertasche<\/strong><\/a>.\r\n\r\nFahrradtaschen sind praktisch. Sie bieten zus\u00e4tzliche Funktionalit\u00e4t und erm\u00f6glichen es, Dinge auf dem Fahrrad zu transportieren, die du sonst nicht mitnehmen k\u00f6nntest. Normalerweise nutzt du sie, um Gegenst\u00e4nde von A nach B zu bringen. Aber was ist, wenn du am Ziel angekommen bist? Dann m\u00f6chtest du deine Sachen doch auch bequem transportieren k\u00f6nnen. Genau hier liegt der Mehrwert unserer tragbaren Fahrradtaschen.\r\n\r\nDie tragbaren Fahrradtaschen von Clarijs sind so konzipiert, dass sie sowohl auf dem Fahrrad (oder w\u00e4hrend der Fahrt) als auch in der Hand oder um den K\u00f6rper maximalen Komfort und Benutzerfreundlichkeit bieten. Dank handgefertigter Verarbeitung und hochwertiger Materialien bist du auf eine lange Lebensdauer und erstklassige Qualit\u00e4t vorbereitet. Zudem gibt es immer eine tragbare Fahrradtasche, die perfekt zu deinem Stil und Geschmack passt.","link":"https:\/\/clarijs-fietstassen.nl\/de\/tragbare-fahrradtaschen\/","name":"Tragbare Fahrradtaschen","slug":"tragbare-fahrradtaschen","taxonomy":"product_cat","parent":0,"meta":[],"menu_order":0,"acf":[],"yoast_head":"<!-- This site is optimized with the Yoast SEO Premium plugin v27.2 (Yoast SEO v27.4) - https:\/\/yoast.com\/product\/yoast-seo-premium-wordpress\/ -->\n<title>Tragbare Fahrradtaschen - Clarijs Fietstassen<\/title>\n<meta name=\"description\" content=\"De draagbare fietstassen van Clarijs zijn gemaakt om zowel op de fiets (of tijdens het fietsen) als in de hand of om het lichaam te dragen. Shop nu!\" \/>\n<meta name=\"robots\" content=\"index, follow, max-snippet:-1, max-image-preview:large, max-video-preview:-1\" \/>\n<link rel=\"canonical\" href=\"http:\/\/clarijs-fietstassen.nl\/draagbare-fietstassen\/\" \/>\n<meta property=\"og:locale\" content=\"de_DE\" \/>\n<meta property=\"og:type\" content=\"article\" \/>\n<meta property=\"og:title\" content=\"Tragbare Fahrradtaschen Archives\" \/>\n<meta property=\"og:description\" content=\"De draagbare fietstassen van Clarijs zijn gemaakt om zowel op de fiets (of tijdens het fietsen) als in de hand of om het lichaam te dragen. Shop nu!\" \/>\n<meta property=\"og:url\" content=\"http:\/\/clarijs-fietstassen.nl\/draagbare-fietstassen\/\" \/>\n<meta property=\"og:site_name\" content=\"Clarijs Fietstassen\" \/>\n<meta name=\"twitter:card\" content=\"summary_large_image\" \/>\n<script type=\"application\/ld+json\" class=\"yoast-schema-graph\">{\"@context\":\"https:\\\/\\\/schema.org\",\"@graph\":[{\"@type\":\"CollectionPage\",\"@id\":\"http:\\\/\\\/clarijs-fietstassen.nl\\\/draagbare-fietstassen\\\/\",\"url\":\"http:\\\/\\\/clarijs-fietstassen.nl\\\/draagbare-fietstassen\\\/\",\"name\":\"Tragbare Fahrradtaschen - Clarijs Fietstassen\",\"isPartOf\":{\"@id\":\"https:\\\/\\\/clarijs-fietstassen.nl\\\/de\\\/#website\"},\"description\":\"De draagbare fietstassen van Clarijs zijn gemaakt om zowel op de fiets (of tijdens het fietsen) als in de hand of om het lichaam te dragen. Shop nu!\",\"breadcrumb\":{\"@id\":\"http:\\\/\\\/clarijs-fietstassen.nl\\\/draagbare-fietstassen\\\/#breadcrumb\"},\"inLanguage\":\"de\"},{\"@type\":\"BreadcrumbList\",\"@id\":\"http:\\\/\\\/clarijs-fietstassen.nl\\\/draagbare-fietstassen\\\/#breadcrumb\",\"itemListElement\":[{\"@type\":\"ListItem\",\"position\":1,\"name\":\"Home\",\"item\":\"https:\\\/\\\/clarijs-fietstassen.nl\\\/de\\\/\"},{\"@type\":\"ListItem\",\"position\":2,\"name\":\"Draagbare fietstassen\"}]},{\"@type\":\"WebSite\",\"@id\":\"https:\\\/\\\/clarijs-fietstassen.nl\\\/de\\\/#website\",\"url\":\"https:\\\/\\\/clarijs-fietstassen.nl\\\/de\\\/\",\"name\":\"Clarijs Fietstassen\",\"description\":\"Kwaliteit &amp; ambacht sinds 1948\",\"publisher\":{\"@id\":\"https:\\\/\\\/clarijs-fietstassen.nl\\\/de\\\/#organization\"},\"potentialAction\":[{\"@type\":\"SearchAction\",\"target\":{\"@type\":\"EntryPoint\",\"urlTemplate\":\"https:\\\/\\\/clarijs-fietstassen.nl\\\/de\\\/?s={search_term_string}\"},\"query-input\":{\"@type\":\"PropertyValueSpecification\",\"valueRequired\":true,\"valueName\":\"search_term_string\"}}],\"inLanguage\":\"de\"},{\"@type\":\"Organization\",\"@id\":\"https:\\\/\\\/clarijs-fietstassen.nl\\\/de\\\/#organization\",\"name\":\"Clarijs Fietstassen\",\"url\":\"https:\\\/\\\/clarijs-fietstassen.nl\\\/de\\\/\",\"logo\":{\"@type\":\"ImageObject\",\"inLanguage\":\"de\",\"@id\":\"https:\\\/\\\/clarijs-fietstassen.nl\\\/de\\\/#\\\/schema\\\/logo\\\/image\\\/\",\"url\":\"https:\\\/\\\/clarijs-fietstassen.nl\\\/wp-content\\\/uploads\\\/2024\\\/01\\\/clarijs-logo-met-rand.jpg\",\"contentUrl\":\"https:\\\/\\\/clarijs-fietstassen.nl\\\/wp-content\\\/uploads\\\/2024\\\/01\\\/clarijs-logo-met-rand.jpg\",\"width\":560,\"height\":266,\"caption\":\"Clarijs Fietstassen\"},\"image\":{\"@id\":\"https:\\\/\\\/clarijs-fietstassen.nl\\\/de\\\/#\\\/schema\\\/logo\\\/image\\\/\"},\"sameAs\":[\"https:\\\/\\\/www.facebook.com\\\/clarijs1948\\\/\",\"https:\\\/\\\/www.instagram.com\\\/clarijscovers\\\/\"]}]}<\/script>\n<!-- \/ Yoast SEO Premium plugin. -->","yoast_head_json":{"title":"Tragbare Fahrradtaschen - Clarijs Fietstassen","description":"De draagbare fietstassen van Clarijs zijn gemaakt om zowel op de fiets (of tijdens het fietsen) als in de hand of om het lichaam te dragen. Shop nu!","robots":{"index":"index","follow":"follow","max-snippet":"max-snippet:-1","max-image-preview":"max-image-preview:large","max-video-preview":"max-video-preview:-1"},"canonical":"http:\/\/clarijs-fietstassen.nl\/draagbare-fietstassen\/","og_locale":"de_DE","og_type":"article","og_title":"Tragbare Fahrradtaschen Archives","og_description":"De draagbare fietstassen van Clarijs zijn gemaakt om zowel op de fiets (of tijdens het fietsen) als in de hand of om het lichaam te dragen. Shop nu!","og_url":"http:\/\/clarijs-fietstassen.nl\/draagbare-fietstassen\/","og_site_name":"Clarijs Fietstassen","twitter_card":"summary_large_image","schema":{"@context":"https:\/\/schema.org","@graph":[{"@type":"CollectionPage","@id":"http:\/\/clarijs-fietstassen.nl\/draagbare-fietstassen\/","url":"http:\/\/clarijs-fietstassen.nl\/draagbare-fietstassen\/","name":"Tragbare Fahrradtaschen - Clarijs Fietstassen","isPartOf":{"@id":"https:\/\/clarijs-fietstassen.nl\/de\/#website"},"description":"De draagbare fietstassen van Clarijs zijn gemaakt om zowel op de fiets (of tijdens het fietsen) als in de hand of om het lichaam te dragen. Shop nu!","breadcrumb":{"@id":"http:\/\/clarijs-fietstassen.nl\/draagbare-fietstassen\/#breadcrumb"},"inLanguage":"de"},{"@type":"BreadcrumbList","@id":"http:\/\/clarijs-fietstassen.nl\/draagbare-fietstassen\/#breadcrumb","itemListElement":[{"@type":"ListItem","position":1,"name":"Home","item":"https:\/\/clarijs-fietstassen.nl\/de\/"},{"@type":"ListItem","position":2,"name":"Draagbare fietstassen"}]},{"@type":"WebSite","@id":"https:\/\/clarijs-fietstassen.nl\/de\/#website","url":"https:\/\/clarijs-fietstassen.nl\/de\/","name":"Clarijs Fietstassen","description":"Kwaliteit &amp; ambacht sinds 1948","publisher":{"@id":"https:\/\/clarijs-fietstassen.nl\/de\/#organization"},"potentialAction":[{"@type":"SearchAction","target":{"@type":"EntryPoint","urlTemplate":"https:\/\/clarijs-fietstassen.nl\/de\/?s={search_term_string}"},"query-input":{"@type":"PropertyValueSpecification","valueRequired":true,"valueName":"search_term_string"}}],"inLanguage":"de"},{"@type":"Organization","@id":"https:\/\/clarijs-fietstassen.nl\/de\/#organization","name":"Clarijs Fietstassen","url":"https:\/\/clarijs-fietstassen.nl\/de\/","logo":{"@type":"ImageObject","inLanguage":"de","@id":"https:\/\/clarijs-fietstassen.nl\/de\/#\/schema\/logo\/image\/","url":"https:\/\/clarijs-fietstassen.nl\/wp-content\/uploads\/2024\/01\/clarijs-logo-met-rand.jpg","contentUrl":"https:\/\/clarijs-fietstassen.nl\/wp-content\/uploads\/2024\/01\/clarijs-logo-met-rand.jpg","width":560,"height":266,"caption":"Clarijs Fietstassen"},"image":{"@id":"https:\/\/clarijs-fietstassen.nl\/de\/#\/schema\/logo\/image\/"},"sameAs":["https:\/\/www.facebook.com\/clarijs1948\/","https:\/\/www.instagram.com\/clarijscovers\/"]}]}},"_links":{"self":[{"href":"https:\/\/clarijs-fietstassen.nl\/de\/wp-json\/wp\/v2\/product_cat\/709","targetHints":{"allow":["GET"]}}],"collection":[{"href":"https:\/\/clarijs-fietstassen.nl\/de\/wp-json\/wp\/v2\/product_cat"}],"about":[{"href":"https:\/\/clarijs-fietstassen.nl\/de\/wp-json\/wp\/v2\/taxonomies\/product_cat"}],"wp:post_type":[{"href":"https:\/\/clarijs-fietstassen.nl\/de\/wp-json\/wp\/v2\/product?product_cat=709"}],"curies":[{"name":"wp","href":"https:\/\/api.w.org\/{rel}","templated":true}]}}